{"id":1002,"date":"2023-03-02T14:00:55","date_gmt":"2023-03-02T13:00:55","guid":{"rendered":"http:\/\/pec.swinoujscie.pl\/?p=1002"},"modified":"2023-05-11T07:21:54","modified_gmt":"2023-05-11T05:21:54","slug":"maksymalna-cena-dostawy-ciepla-oraz-najnizsza-cena-dostawy-ciepla-od-01-03-2023-r","status":"publish","type":"post","link":"https:\/\/pec.swinoujscie.pl\/index.php\/2023\/03\/02\/maksymalna-cena-dostawy-ciepla-oraz-najnizsza-cena-dostawy-ciepla-od-01-03-2023-r\/","title":{"rendered":"Maksymalna cena dostawy ciep\u0142a oraz najni\u017csza cena dostawy ciep\u0142a od 01.03.2023 r."},"content":{"rendered":"<p>Dzia\u0142aj\u0105c na podstawie art. 3a ust. 1 ustawy z dnia 15 wrze\u015bnia 2022 r. o szczeg\u00f3lnych rozwi\u0105zaniach w zakresie niekt\u00f3rych \u017ar\u00f3de\u0142 ciep\u0142a w zwi\u0105zku z sytuacj\u0105 na rynku paliw (Dz. U. z 2022 r., poz. 1967, ze zm.) informujemy, \u017ce warto\u015bci ceny za zam\u00f3wion\u0105 moc ciepln\u0105, ceny ciep\u0142a, ceny no\u015bnika ciep\u0142a oraz stawki op\u0142at sta\u0142ych za us\u0142ugi przesy\u0142owe i stawki op\u0142at zmiennych za us\u0142ugi przesy\u0142owe lub stawki op\u0142aty miesi\u0119cznej za zam\u00f3wion\u0105 moc ciepln\u0105 i stawki op\u0142aty za ciep\u0142o, stosowanych przez PEC Sp. z o.o. w \u015awinouj\u015bciu, zgodnie z zatwierdzon\u0105 taryf\u0105, w dniu 30 wrze\u015bnia 2022 r., powi\u0119kszone o 40% zosta\u0142y zawarte w za\u0142\u0105czniku:<\/p>\n<ul>\n<li><strong>Maksymalne ceny dostawy ciep\u0142a<\/strong><a href=\"https:\/\/pec.swinoujscie.pl\/pliki\/art_mx_cena\/informacja_prezesa_ure.pdf\" target=\"_blank\" rel=\"noopener\"><strong> (pobierz)<\/strong><\/a><\/li>\n<\/ul>\n<p>Jednocze\u015bnie informujemy, \u017ce maksymalna cena dostawy ciep\u0142a dla PEC Sp. z o.o. w \u015awinouj\u015bciu wyliczona na podstawie opublikowanych przez Prezesa URE cen stosowanych przez PEC Sp. z o.o. w dniu 30.09.2022r., powi\u0119kszonych o 40% w stosunku do tych cen i stawek op\u0142at stosowanych na dzie\u0144 30.09.2022 r., jest wy\u017csza od \u015bredniej ceny ciep\u0142a z rekompensat\u0105, powi\u0119kszonej o \u015bredni\u0105 stawk\u0119 op\u0142at za us\u0142ugi przesy\u0142owe w systemie ciep\u0142owniczym i wy\u017csza od ceny dostawy ciep\u0142a obliczonej na podstawie stosowanej taryfy dla ciep\u0142a w systemie ciep\u0142owniczym.<\/p>\n<p>Wobec powy\u017cszego od dnia 01.03.2023 r. PEC Sp. z o.o. w \u015awinouj\u015bciu do dnia zatwierdzenia nowej Taryfy dla ciep\u0142a w rozliczeniach z\u00a0 Odbiorcami ciep\u0142a, o kt\u00f3rych mowa w art.4 ust 1 Ustawy zmienianej w art. 1 b\u0119dzie stosowa\u0107 <strong>cen\u0119 najni\u017csz\u0105<\/strong><a href=\"https:\/\/pec.swinoujscie.pl\/pliki\/art_mx_cena\/rekompensata.pdf\" target=\"_blank\" rel=\"noopener\"><strong> (pobierz)<\/strong><\/a> czyli \u015bredni\u0105 cen\u0119 wytwarzania ciep\u0142a z rekompensat\u0105, o kt\u00f3rej mowa w art. 3 ust. 3 Ustawy zmienianej w art. 1, powi\u0119kszon\u0105 o \u015bredni\u0105 stawk\u0119 op\u0142at za us\u0142ugi przesy\u0142owe w systemie ciep\u0142owniczym.<\/p>\n<p>Jednocze\u015bnie informujemy, \u017ce o\u015bwiadczenia o kt\u00f3rych mowa w art. 5 ust. 1 i art. 6 ust. 1\u00a0 Ustawy zmienianej w art. 1, z\u0142o\u017cone przed dniem wej\u015bcia w \u017cycie ustawy z dnia 8 lutego 2023 r. (D.U. poz. 295) stosuje si\u0119 jako podstaw\u0119 do zastosowania wobec odbiorc\u00f3w, kt\u00f3rzy je z\u0142o\u017cyli, \u015bredniej ceny ciep\u0142a z rekompensat\u0105 powi\u0119kszon\u0105 o \u015bredni\u0105 stawk\u0119 op\u0142at za us\u0142ugi przesy\u0142owe w systemie ciep\u0142owniczym<\/p>\n<ul>\n<li>Ustawa z dn. 15.09.2022 r. (Dz.U. poz 1967) o szczeg\u00f3lnych rozwi\u0105zaniach w zakresie niekt\u00f3rych \u017ar\u00f3de\u0142 ciep\u0142a w zwi\u0105zku z sytuacj\u0105 na rynku paliw. (<a href=\"https:\/\/pec.swinoujscie.pl\/pliki\/art_mx_cena\/D20221967Lj.pdf\" target=\"_blank\" rel=\"noopener\"><strong>pobierz<\/strong><\/a>)<\/li>\n<li>Ustawa z dn. 08.02.2023 r. (DZ.U. poz 295) o zmianie ustawy o szczeg\u00f3lnych rozwi\u0105zaniach w zakresie niekt\u00f3rych \u017ar\u00f3de\u0142 ciep\u0142a w zwi\u0105zku z sytuacj\u0105 na rynku paliw oraz niekt\u00f3rych innych ustaw. (<a href=\"https:\/\/pec.swinoujscie.pl\/pliki\/art_mx_cena\/D20230295.pdf\" target=\"_blank\" rel=\"noopener\"><strong>pobierz<\/strong><\/a>)<\/li>\n<li>ROZPORZ\u0104DZENIE MINISTRA KLIMATU I \u015aRODOWISKA z dnia 17 lutego 2023 r. w sprawie wzor\u00f3w o\u015bwiadcze\u0144 sk\u0142adanych przez odbiorc\u00f3w ciep\u0142a nieb\u0119d\u0105cych gospodarstwami domowymi w celu skorzystania ze szczeg\u00f3lnych rozwi\u0105za\u0144 w zwi\u0105zku z sytuacj\u0105 na rynku paliw. (<a href=\"https:\/\/pec.swinoujscie.pl\/pliki\/art_mx_cena\/D20230327.pdf\" target=\"_blank\" rel=\"noopener\"><strong>pobierz<\/strong><\/a>)<\/li>\n<\/ul>\n","protected":false},"excerpt":{"rendered":"<p>Dzia\u0142aj\u0105c na podstawie art. 3a ust. 1 ustawy z dnia 15 wrze\u015bnia 2022 r. o szczeg\u00f3lnych rozwi\u0105zaniach w zakresie niekt\u00f3rych \u017ar\u00f3de\u0142 ciep\u0142a w zwi\u0105zku z sytuacj\u0105 na rynku paliw (Dz. U. z 2022 r., poz. 1967, ze zm.) informujemy, \u017ce warto\u015bci ceny za zam\u00f3wion\u0105 moc ciepln\u0105, ceny ciep\u0142a, ceny no\u015bnika ciep\u0142a oraz stawki op\u0142at sta\u0142ych za us\u0142ugi przesy\u0142owe i stawki op\u0142at zmiennych za us\u0142ugi przesy\u0142owe lub stawki op\u0142aty miesi\u0119cznej za zam\u00f3wion\u0105 moc ciepln\u0105 i stawki op\u0142aty za ciep\u0142o, stosowanych przez PEC Sp. z o.o. w \u015awinouj\u015bciu, zgodnie z zatwierdzon\u0105 taryf\u0105, w dniu 30 wrze\u015bnia 2022 r., powi\u0119kszone o 40% zosta\u0142y &hellip;<\/p>\n","protected":false},"author":1,"featured_media":0,"comment_status":"closed","ping_status":"closed","sticky":true,"template":"","format":"standard","meta":{"footnotes":""},"categories":[4],"tags":[],"class_list":["post-1002","post","type-post","status-publish","format-standard","hentry","category-aktualnosci"],"publishpress_future_action":{"enabled":false,"date":"2026-05-10 13:08:47","action":"category-add","newStatus":"draft","terms":[],"taxonomy":"category","extraData":[]},"publishpress_future_workflow_manual_trigger":{"enabledWorkflows":[]},"_links":{"self":[{"href":"https:\/\/pec.swinoujscie.pl\/index.php\/wp-json\/wp\/v2\/posts\/1002","targetHints":{"allow":["GET"]}}],"collection":[{"href":"https:\/\/pec.swinoujscie.pl\/index.php\/wp-json\/wp\/v2\/posts"}],"about":[{"href":"https:\/\/pec.swinoujscie.pl\/index.php\/wp-json\/wp\/v2\/types\/post"}],"author":[{"embeddable":true,"href":"https:\/\/pec.swinoujscie.pl\/index.php\/wp-json\/wp\/v2\/users\/1"}],"replies":[{"embeddable":true,"href":"https:\/\/pec.swinoujscie.pl\/index.php\/wp-json\/wp\/v2\/comments?post=1002"}],"version-history":[{"count":5,"href":"https:\/\/pec.swinoujscie.pl\/index.php\/wp-json\/wp\/v2\/posts\/1002\/revisions"}],"predecessor-version":[{"id":1007,"href":"https:\/\/pec.swinoujscie.pl\/index.php\/wp-json\/wp\/v2\/posts\/1002\/revisions\/1007"}],"wp:attachment":[{"href":"https:\/\/pec.swinoujscie.pl\/index.php\/wp-json\/wp\/v2\/media?parent=1002"}],"wp:term":[{"taxonomy":"category","embeddable":true,"href":"https:\/\/pec.swinoujscie.pl\/index.php\/wp-json\/wp\/v2\/categories?post=1002"},{"taxonomy":"post_tag","embeddable":true,"href":"https:\/\/pec.swinoujscie.pl\/index.php\/wp-json\/wp\/v2\/tags?post=1002"}],"curies":[{"name":"wp","href":"https:\/\/api.w.org\/{rel}","templated":true}]}}