{"id":1998,"date":"2026-01-29T13:29:14","date_gmt":"2026-01-29T12:29:14","guid":{"rendered":"https:\/\/pec.swinoujscie.pl\/?p=1998"},"modified":"2026-01-29T13:48:28","modified_gmt":"2026-01-29T12:48:28","slug":"krajowy-system-e-faktur-ksef-wazny-komunikat-dla-odbiorcow-faktur","status":"publish","type":"post","link":"https:\/\/pec.swinoujscie.pl\/index.php\/2026\/01\/29\/krajowy-system-e-faktur-ksef-wazny-komunikat-dla-odbiorcow-faktur\/","title":{"rendered":""},"content":{"rendered":"<p><strong>Krajowy System e-Faktur (KSeF) \u2013 wa\u017cny komunikat dla odbiorc\u00f3w faktur<\/strong><\/p>\n<p>Szanowni Pa\u0144stwo,<\/p>\n<p>Informujemy, \u017ce od dnia <strong>1 kwietnia 2026 r.<\/strong> zacznie obowi\u0105zywa\u0107 nowy spos\u00f3b wystawiania faktur wynikaj\u0105cy z przepis\u00f3w prawa podatkowego. W tym terminie Krajowy System e-Faktur (KSeF) stanie si\u0119 obowi\u0105zkowym narz\u0119dziem do wystawiania faktur ustrukturyzowanych przez PEC Sp. z o.o. w \u015awinouj\u015bciu. Zmiany dotycz\u0105 podmiot\u00f3w posiadaj\u0105cych status czynnego podatnika VAT.<\/p>\n<p><strong>Co to oznacza dla poszczeg\u00f3lnych odbiorc\u00f3w?<\/strong><\/p>\n<p><strong>Odbiorcy indywidualni (osoby fizyczne nieprowadz\u0105ce dzia\u0142alno\u015bci gospodarczej)<\/strong><\/p>\n<p>Dla tej grupy klient\u00f3w spos\u00f3b otrzymywania faktur pozostaje bez zmian. Dokumenty b\u0119d\u0105 przekazywane tak jak dotychczas \u2014 w formie papierowej lub elektronicznej, zgodnie z przyj\u0119tymi ustaleniami. Obowi\u0105zek korzystania z KSeF nie obejmuje odbiorc\u00f3w indywidualnych.<\/p>\n<p><strong>\u00a0<\/strong><strong>Przedsi\u0119biorcy \u2013 czynni podatnicy VAT<\/strong><\/p>\n<p>Od 1 kwietnia 2026 r. faktury dla czynnych podatnik\u00f3w VAT b\u0119d\u0105 wystawiane i udost\u0119pniane wy\u0142\u0105cznie za po\u015brednictwem Krajowego Systemu e-Faktur (KSeF). System ten stanie si\u0119 podstawowym kana\u0142em przekazywania dokument\u00f3w sprzeda\u017cowych.<\/p>\n<p>Podmiotom, kt\u00f3re maj\u0105 zawieszon\u0105 lub nieaktywn\u0105 dzia\u0142alno\u015b\u0107 gospodarcz\u0105, rekomendujemy sprawdzenie i ewentualne zaktualizowanie swojego statusu oraz danych rejestrowych.<\/p>\n<p>Je\u017celi dane identyfikacyjne i rozliczeniowe umieszczane na fakturach s\u0105 aktualne i prawid\u0142owe, nie ma potrzeby podejmowania dodatkowych dzia\u0142a\u0144.<\/p>\n<p>W przypadku dodatkowych pyta\u0144 prosimy o kontakt z Biurem Obs\u0142ugi Klienta PEC<\/p>\n<ul>\n<li>Osobi\u015bcie przy ul. Daszy\u0144skiego 2 w \u015awinouj\u015bciu<\/li>\n<li>Telefonicznie pod numerem <strong>91 321 39 13<\/strong><\/li>\n<\/ul>\n<p>Biuro jest czynne od poniedzia\u0142ku do pi\u0105tku w godzinach 07:00 -15:00<\/p>\n","protected":false},"excerpt":{"rendered":"<p>Krajowy System e-Faktur (KSeF) \u2013 wa\u017cny komunikat dla odbiorc\u00f3w faktur Szanowni Pa\u0144stwo, Informujemy, \u017ce od dnia 1 kwietnia 2026 r. zacznie obowi\u0105zywa\u0107 nowy spos\u00f3b wystawiania faktur wynikaj\u0105cy z przepis\u00f3w prawa podatkowego. W tym terminie Krajowy System e-Faktur (KSeF) stanie si\u0119 obowi\u0105zkowym narz\u0119dziem do wystawiania faktur ustrukturyzowanych przez PEC Sp. z o.o. w \u015awinouj\u015bciu. Zmiany dotycz\u0105 podmiot\u00f3w posiadaj\u0105cych status czynnego podatnika VAT. Co to oznacza dla poszczeg\u00f3lnych odbiorc\u00f3w? Odbiorcy indywidualni (osoby fizyczne nieprowadz\u0105ce dzia\u0142alno\u015bci gospodarczej) Dla tej grupy klient\u00f3w spos\u00f3b otrzymywania faktur pozostaje bez zmian. Dokumenty b\u0119d\u0105 przekazywane tak jak dotychczas \u2014 w formie papierowej lub elektronicznej, zgodnie z przyj\u0119tymi ustaleniami. &hellip;<\/p>\n","protected":false},"author":1,"featured_media":0,"comment_status":"closed","ping_status":"closed","sticky":true,"template":"","format":"standard","meta":{"footnotes":""},"categories":[4],"tags":[],"class_list":["post-1998","post","type-post","status-publish","format-standard","hentry","category-aktualnosci"],"publishpress_future_action":{"enabled":false,"date":"2026-05-10 13:10:18","action":"category-add","newStatus":"draft","terms":[],"taxonomy":"category","extraData":[]},"publishpress_future_workflow_manual_trigger":{"enabledWorkflows":[]},"_links":{"self":[{"href":"https:\/\/pec.swinoujscie.pl\/index.php\/wp-json\/wp\/v2\/posts\/1998","targetHints":{"allow":["GET"]}}],"collection":[{"href":"https:\/\/pec.swinoujscie.pl\/index.php\/wp-json\/wp\/v2\/posts"}],"about":[{"href":"https:\/\/pec.swinoujscie.pl\/index.php\/wp-json\/wp\/v2\/types\/post"}],"author":[{"embeddable":true,"href":"https:\/\/pec.swinoujscie.pl\/index.php\/wp-json\/wp\/v2\/users\/1"}],"replies":[{"embeddable":true,"href":"https:\/\/pec.swinoujscie.pl\/index.php\/wp-json\/wp\/v2\/comments?post=1998"}],"version-history":[{"count":2,"href":"https:\/\/pec.swinoujscie.pl\/index.php\/wp-json\/wp\/v2\/posts\/1998\/revisions"}],"predecessor-version":[{"id":2003,"href":"https:\/\/pec.swinoujscie.pl\/index.php\/wp-json\/wp\/v2\/posts\/1998\/revisions\/2003"}],"wp:attachment":[{"href":"https:\/\/pec.swinoujscie.pl\/index.php\/wp-json\/wp\/v2\/media?parent=1998"}],"wp:term":[{"taxonomy":"category","embeddable":true,"href":"https:\/\/pec.swinoujscie.pl\/index.php\/wp-json\/wp\/v2\/categories?post=1998"},{"taxonomy":"post_tag","embeddable":true,"href":"https:\/\/pec.swinoujscie.pl\/index.php\/wp-json\/wp\/v2\/tags?post=1998"}],"curies":[{"name":"wp","href":"https:\/\/api.w.org\/{rel}","templated":true}]}}